{"id":6323,"date":"2025-12-24T03:24:42","date_gmt":"2025-12-24T02:24:42","guid":{"rendered":"https:\/\/consbrisbane.esteri.it\/?p=6323"},"modified":"2025-12-24T03:35:58","modified_gmt":"2025-12-24T02:35:58","slug":"chiusura-ufficio-consolare-per-festivita-natalizie","status":"publish","type":"post","link":"https:\/\/consbrisbane.esteri.it\/it\/news\/dal_consolato\/2025\/12\/chiusura-ufficio-consolare-per-festivita-natalizie\/","title":{"rendered":"Chiusura ufficio consolare per festivit\u00e0 natalizie"},"content":{"rendered":"<p><img loading=\"lazy\" decoding=\"async\" class=\"alignnone size-medium wp-image-6167 img-fluid\" src=\"https:\/\/consbrisbane.esteri.it\/wp-content\/uploads\/2025\/10\/Chiusura-Ufficio-225x300.png\" alt=\"\" width=\"225\" height=\"300\" srcset=\"https:\/\/consbrisbane.esteri.it\/wp-content\/uploads\/2025\/10\/Chiusura-Ufficio-225x300.png 225w, https:\/\/consbrisbane.esteri.it\/wp-content\/uploads\/2025\/10\/Chiusura-Ufficio-768x1024.png 768w, https:\/\/consbrisbane.esteri.it\/wp-content\/uploads\/2025\/10\/Chiusura-Ufficio.png 1080w\" sizes=\"auto, (max-width: 225px) 100vw, 225px\" \/><\/p>\n<p>Il Consolato d&#8217;Italia a Brisbane informa la gentile utenza che, nel corso delle imminenti festivit\u00e0 natalizie, verranno osservati i seguenti giorni di chiusura dell`ufficio consolare:<\/p>\n<p>Gioved\u00ec 25 dicembre 2025;<\/p>\n<p>Venerd\u00ec 26 dicembre 2025;<\/p>\n<p>Giovedi 1 gennaio 2026.<\/p>\n<p>In tutti gli altri giorni fino al 6 gennaio incluso, si ricorda che verranno ricevuti solo coloro in possesso di una regolare prenotazione per uno dei servizi offerti.<\/p>\n<p>Da noi a voi, buone feste e a presto ritrovarci nel 2026!<\/p>\n","protected":false},"excerpt":{"rendered":"Il Consolato d&#8217;Italia a Brisbane informa la gentile utenza che, nel corso delle imminenti festivit\u00e0 natalizie, verranno osservati i seguenti giorni di chiusura dell`ufficio consolare: Gioved\u00ec 25 dicembre 2025; Venerd\u00ec 26 dicembre 2025; Giovedi 1 gennaio 2026. In tutti gli altri giorni fino al 6 gennaio incluso, si ricorda che verranno ricevuti solo coloro in [&hellip;]","protected":false},"author":9,"featured_media":0,"comment_status":"closed","ping_status":"closed","sticky":false,"template":"","format":"standard","meta":{"footnotes":""},"tags":[],"class_list":["post-6323","post","type-post","status-publish","format-standard","hentry"],"_links":{"self":[{"href":"https:\/\/consbrisbane.esteri.it\/it\/wp-json\/wp\/v2\/posts\/6323","targetHints":{"allow":["GET"]}}],"collection":[{"href":"https:\/\/consbrisbane.esteri.it\/it\/wp-json\/wp\/v2\/posts"}],"about":[{"href":"https:\/\/consbrisbane.esteri.it\/it\/wp-json\/wp\/v2\/types\/post"}],"author":[{"embeddable":true,"href":"https:\/\/consbrisbane.esteri.it\/it\/wp-json\/wp\/v2\/users\/9"}],"replies":[{"embeddable":true,"href":"https:\/\/consbrisbane.esteri.it\/it\/wp-json\/wp\/v2\/comments?post=6323"}],"version-history":[{"count":3,"href":"https:\/\/consbrisbane.esteri.it\/it\/wp-json\/wp\/v2\/posts\/6323\/revisions"}],"predecessor-version":[{"id":6344,"href":"https:\/\/consbrisbane.esteri.it\/it\/wp-json\/wp\/v2\/posts\/6323\/revisions\/6344"}],"wp:attachment":[{"href":"https:\/\/consbrisbane.esteri.it\/it\/wp-json\/wp\/v2\/media?parent=6323"}],"wp:term":[{"taxonomy":"post_tag","embeddable":true,"href":"https:\/\/consbrisbane.esteri.it\/it\/wp-json\/wp\/v2\/tags?post=6323"}],"curies":[{"name":"wp","href":"https:\/\/api.w.org\/{rel}","templated":true}]}}