{"id":6087,"date":"2025-09-19T18:11:45","date_gmt":"2025-09-19T16:11:45","guid":{"rendered":"https:\/\/consbrisbane.esteri.it\/?p=6087"},"modified":"2025-11-20T17:17:42","modified_gmt":"2025-11-20T16:17:42","slug":"settimana-della-lingua-italiana-nel-mondo-2025-italofonia-lingua-oltre-i-confini-eventi-a-brisbane","status":"publish","type":"post","link":"https:\/\/consbrisbane.esteri.it\/it\/news\/dal_consolato\/2025\/09\/settimana-della-lingua-italiana-nel-mondo-2025-italofonia-lingua-oltre-i-confini-eventi-a-brisbane\/","title":{"rendered":"Settimana della Lingua Italiana nel Mondo 2025: \u201cITALOFONIA: LINGUA OLTRE I CONFINI\u201d \u2013 Eventi a Brisbane"},"content":{"rendered":"<p style=\"text-align: justify;\">La\u00a0<strong>Settimana della Lingua italiana nel mondo (SLIM)<\/strong>\u00a0si tiene ogni anno\u00a0<strong>organizzata dalla rete diplomatico-consolare e degli Istituti Italiani di Cultura<\/strong>\u00a0in collaborazione con i principali partner della promozione linguistica sul territorio. Sin dalla sua istituzione nel 2001, questo appuntamento ha ricevuto annualmente l\u2019Alto Patronato da parte della Presidenza della Repubblica.<\/p>\n<p style=\"text-align: justify;\">La\u00a0<strong>XXV edizione<\/strong> (13-19 ottobre 2025) della SLIM avr\u00e0 come tema <strong>\u201cItalofonia: Lingua Oltre i Confini\u201d<\/strong>, con l\u2019obiettivo di celebrare lo spazio linguistico, culturale e sociale dell\u2019italiano, immaginando una nuova comunit\u00e0 di persone nel mondo legate dalla passione per la nostra lingua e, attraverso di essa, dalla vicinanza al nostro Paese.<\/p>\n<p style=\"text-align: justify;\">Eventi che si terranno a\u00a0<strong>Brisbane<\/strong>:<\/p>\n<p style=\"text-align: justify;\"><strong>Lunedi&#8217; 22 settembre<\/strong>, il\u00a0 Co.As.It. &#8211; Italian Language Centre e il Consolato d&#8217;Italia a Brisbane, in collaborazione con l\u2019Istituto di Cultura di Sydney,\u00a0 presentano:<\/p>\n<p style=\"text-align: justify;\"><strong>PAESAGGIO, ARTE E MEMORIA: L&#8217;ITALIA RACCONTATA DALLE SUE CITTA&#8217;<\/strong><\/p>\n<p style=\"text-align: justify;\">Una Lectio Magistralis, tenuta dalla professoressa Federica De Rosa dell&#8217;Accademia di Belle Arti di Napoli, dedicata alle citt\u00e0 italiane, vero e proprio museo a cielo aperto, dove<br \/>\nnatura e storia si fondono in modo inscindibile, tanto da fare dell&#8217;Italia stessa un Monumento. L&#8217;evento \u00e8 gratuito e si terr\u00e0 alle ore 18:00 di luned\u00ec 22 settembre presso la sede del Co.As.It. (473 Lutwyche Road, Lutwyche &#8211; Brisbane) ed \u00e8 aperto a studenti e insegnanti di italiano e a tutti gli amanti della nostra lingua.<br \/>\nPartecipate numerosi!<br \/>\nAl termine dell&#8217;incontro verr\u00e0 offerto un rinfresco.<br class=\"html-br\" \/><br class=\"html-br\" \/><span class=\"html-span xexx8yu x4uap5 x18d9i69 xkhd6sd x1hl2dhg x16tdsg8 x1vvkbs x3nfvp2 x1j61x8r x1fcty0u xdj266r xat24cr xgzva0m xhhsvwb xxymvpz xlup9mm x1kky2od\"><img loading=\"lazy\" decoding=\"async\" class=\"xz74otr\" src=\"https:\/\/static.xx.fbcdn.net\/images\/emoji.php\/v9\/t5c\/1\/16\/1f5d3.png\" alt=\"\ud83d\uddd3\ufe0f\" width=\"16\" height=\"16\" \/><\/span> Lunedi&#8217; 22 settembre ore 18:00<br class=\"html-br\" \/><span class=\"html-span xexx8yu x4uap5 x18d9i69 xkhd6sd x1hl2dhg x16tdsg8 x1vvkbs x3nfvp2 x1j61x8r x1fcty0u xdj266r xat24cr xgzva0m xhhsvwb xxymvpz xlup9mm x1kky2od\"><img loading=\"lazy\" decoding=\"async\" class=\"xz74otr\" src=\"https:\/\/static.xx.fbcdn.net\/images\/emoji.php\/v9\/t2d\/1\/16\/1f4cd.png\" alt=\"\ud83d\udccd\" width=\"16\" height=\"16\" \/><\/span> Co.As.It. &#8211; ILC , 473 Lutwyche Road, Lutwyche &#8211; Brisbane<br class=\"html-br\" \/><span class=\"html-span xexx8yu x4uap5 x18d9i69 xkhd6sd x1hl2dhg x16tdsg8 x1vvkbs x3nfvp2 x1j61x8r x1fcty0u xdj266r xat24cr xgzva0m xhhsvwb xxymvpz xlup9mm x1kky2od\"><img loading=\"lazy\" decoding=\"async\" class=\"xz74otr\" src=\"https:\/\/static.xx.fbcdn.net\/images\/emoji.php\/v9\/td8\/1\/16\/1f39f.png\" alt=\"\ud83c\udf9f\ufe0f\" width=\"16\" height=\"16\" \/><\/span> Ingresso libero<br class=\"html-br\" \/><span class=\"html-span xexx8yu x4uap5 x18d9i69 xkhd6sd x1hl2dhg x16tdsg8 x1vvkbs x3nfvp2 x1j61x8r x1fcty0u xdj266r xat24cr xgzva0m xhhsvwb xxymvpz xlup9mm x1kky2od\"><img loading=\"lazy\" decoding=\"async\" class=\"xz74otr\" src=\"https:\/\/static.xx.fbcdn.net\/images\/emoji.php\/v9\/t30\/1\/16\/1f514.png\" alt=\"\ud83d\udd14\" width=\"16\" height=\"16\" \/><\/span>\u00a0Prenotazione obbligatoria<br class=\"html-br\" \/>RSVP: <a href=\"https:\/\/www.italianlanguagecentre.org\/paesaggio-arte-e-memoria\/\">Paesaggio, arte e memoria &#8211; Italian Language Centre<\/a><\/p>\n<p style=\"text-align: justify;\"><strong>Martedi\u2019 23 settembre<\/strong>, il Consolato d\u2019Italia a Brisbane e la Societa&#8217; Dante Alighieri di Brisbane, in collaborazione con l\u2019Istituto di Cultura di Sydney, sono orgogliosi di presentare:<\/p>\n<p style=\"text-align: justify;\"><b>IL TORO DEL PALLONETTO<\/b><\/p>\n<p style=\"text-align: justify;\">Il &#8220;mockumentario&#8221; (in italiano ma con sottotitoli in inglese) racconta la vita del pugile Joe Esposito e la sua avventura negli Stati Uniti, attraversando la storia del 1900 a Napoli.\u00a0 A presentare il film, il suo regista, Luigi Barletta, professore di cinematografia all&#8217;Accademia di Belle Arti di Napoli. Al termine della proiezione, il regista risponder\u00e0 alle domande del pubblico.<\/p>\n<p><span class=\"html-span xexx8yu x4uap5 x18d9i69 xkhd6sd x1hl2dhg x16tdsg8 x1vvkbs x3nfvp2 x1j61x8r x1fcty0u xdj266r xat24cr xgzva0m xhhsvwb xxymvpz xlup9mm x1kky2od\"><img loading=\"lazy\" decoding=\"async\" class=\"xz74otr\" src=\"https:\/\/static.xx.fbcdn.net\/images\/emoji.php\/v9\/t5c\/1\/16\/1f5d3.png\" alt=\"\ud83d\uddd3\ufe0f\" width=\"16\" height=\"16\" \/><\/span> Martedi\u2019 23 settembre\u00a0 alle ore 18:30<br class=\"html-br\" \/><span class=\"html-span xexx8yu x4uap5 x18d9i69 xkhd6sd x1hl2dhg x16tdsg8 x1vvkbs x3nfvp2 x1j61x8r x1fcty0u xdj266r xat24cr xgzva0m xhhsvwb xxymvpz xlup9mm x1kky2od\"><img loading=\"lazy\" decoding=\"async\" class=\"xz74otr\" src=\"https:\/\/static.xx.fbcdn.net\/images\/emoji.php\/v9\/t2d\/1\/16\/1f4cd.png\" alt=\"\ud83d\udccd\" width=\"16\" height=\"16\" \/><\/span> Societa&#8217; Dante Alighieri Brisbane, 26, Gray Street, New Farm, Brisbane<\/p>\n<p><span class=\"html-span xexx8yu x4uap5 x18d9i69 xkhd6sd x1hl2dhg x16tdsg8 x1vvkbs x3nfvp2 x1j61x8r x1fcty0u xdj266r xat24cr xgzva0m xhhsvwb xxymvpz xlup9mm x1kky2od\"><img loading=\"lazy\" decoding=\"async\" class=\"xz74otr\" src=\"https:\/\/static.xx.fbcdn.net\/images\/emoji.php\/v9\/td8\/1\/16\/1f39f.png\" alt=\"\ud83c\udf9f\ufe0f\" width=\"16\" height=\"16\" \/><\/span> 15$, \u00e8 incluso un rinfresco<\/p>\n<p><span class=\"html-span xexx8yu x4uap5 x18d9i69 xkhd6sd x1hl2dhg x16tdsg8 x1vvkbs x3nfvp2 x1j61x8r x1fcty0u xdj266r xat24cr xgzva0m xhhsvwb xxymvpz xlup9mm x1kky2od\"><img loading=\"lazy\" decoding=\"async\" class=\"xz74otr\" src=\"https:\/\/static.xx.fbcdn.net\/images\/emoji.php\/v9\/t30\/1\/16\/1f514.png\" alt=\"\ud83d\udd14\" width=\"16\" height=\"16\" \/><\/span>\u00a0Prenotazione obbligatoria<br class=\"html-br\" \/>RSVP: info@dante-alighieri.com.au<\/p>\n<p style=\"text-align: justify;\"><strong>Venerdi&#8217; 10 ottobre , <\/strong>il Co.As.It. &#8211; ILC di Brisbane presenta:<\/p>\n<p style=\"text-align: justify;\"><strong>ITALIAN&#8230; THAT&#8217;S AMORE<\/strong><\/p>\n<p style=\"text-align: justify;\">In linea con il tema \u201cItalofonia: lingua oltre i confini\u201d , questo evento, tenuto in italiano e in inglese, evidenzia l&#8217;impatto della lingua italiana fuori dall&#8217;Italia. Al termine, verra&#8217; offerto un rinfresco.<\/p>\n<p><span class=\"html-span xexx8yu x4uap5 x18d9i69 xkhd6sd x1hl2dhg x16tdsg8 x1vvkbs x3nfvp2 x1j61x8r x1fcty0u xdj266r xat24cr xgzva0m xhhsvwb xxymvpz xlup9mm x1kky2od\"><img loading=\"lazy\" decoding=\"async\" class=\"xz74otr\" src=\"https:\/\/static.xx.fbcdn.net\/images\/emoji.php\/v9\/t5c\/1\/16\/1f5d3.png\" alt=\"\ud83d\uddd3\ufe0f\" width=\"16\" height=\"16\" \/><\/span> Venerdi&#8217; 10 ottobre\u00a0 alle ore 18:00<br class=\"html-br\" \/><span class=\"html-span xexx8yu x4uap5 x18d9i69 xkhd6sd x1hl2dhg x16tdsg8 x1vvkbs x3nfvp2 x1j61x8r x1fcty0u xdj266r xat24cr xgzva0m xhhsvwb xxymvpz xlup9mm x1kky2od\"><img loading=\"lazy\" decoding=\"async\" class=\"xz74otr\" src=\"https:\/\/static.xx.fbcdn.net\/images\/emoji.php\/v9\/t2d\/1\/16\/1f4cd.png\" alt=\"\ud83d\udccd\" width=\"16\" height=\"16\" \/><\/span> Co.As.It. &#8211; ILC , 473 Lutwyche Road, Lutwyche &#8211; Brisbane<\/p>\n<p><span class=\"html-span xexx8yu x4uap5 x18d9i69 xkhd6sd x1hl2dhg x16tdsg8 x1vvkbs x3nfvp2 x1j61x8r x1fcty0u xdj266r xat24cr xgzva0m xhhsvwb xxymvpz xlup9mm x1kky2od\"><img loading=\"lazy\" decoding=\"async\" class=\"xz74otr\" src=\"https:\/\/static.xx.fbcdn.net\/images\/emoji.php\/v9\/td8\/1\/16\/1f39f.png\" alt=\"\ud83c\udf9f\ufe0f\" width=\"16\" height=\"16\" \/><\/span> Ingresso libero<\/p>\n<p><span class=\"html-span xexx8yu x4uap5 x18d9i69 xkhd6sd x1hl2dhg x16tdsg8 x1vvkbs x3nfvp2 x1j61x8r x1fcty0u xdj266r xat24cr xgzva0m xhhsvwb xxymvpz xlup9mm x1kky2od\"><img loading=\"lazy\" decoding=\"async\" class=\"xz74otr\" src=\"https:\/\/static.xx.fbcdn.net\/images\/emoji.php\/v9\/t30\/1\/16\/1f514.png\" alt=\"\ud83d\udd14\" width=\"16\" height=\"16\" \/><\/span>\u00a0Prenotazione obbligatoria<br class=\"html-br\" \/>RSVP: <a href=\"https:\/\/www.italianlanguagecentre.org\/italian-thats-amore\/#eventform\">Italian&#8230;that&#8217;s Amore! &#8211; Italian Language Centre<\/a><\/p>\n<p style=\"text-align: justify;\"><b>Venerdi&#8217; 17 ottobre<\/b>,\u00a0 la Societa&#8217; Dante Alighieri di Brisbane presenta:<\/p>\n<p><b>DALL&#8217;ISOLA AL MONDO: PAROLE, MUSICA E VISIONI SARDE<\/b><\/p>\n<p>Il programma dell&#8217;evento comprende la proiezione di cortometraggi selezionati dalla collezione <em>Visioni Sarde 2025 <\/em>(gentilmente offerta dalla Regione Sardegna), con momenti di musica e lettura di poesie di artisti sardi. Al termine, verra&#8217; offerto un rinfresco.<\/p>\n<p><span class=\"html-span xexx8yu x4uap5 x18d9i69 xkhd6sd x1hl2dhg x16tdsg8 x1vvkbs x3nfvp2 x1j61x8r x1fcty0u xdj266r xat24cr xgzva0m xhhsvwb xxymvpz xlup9mm x1kky2od\"><img loading=\"lazy\" decoding=\"async\" class=\"xz74otr\" src=\"https:\/\/static.xx.fbcdn.net\/images\/emoji.php\/v9\/t5c\/1\/16\/1f5d3.png\" alt=\"\ud83d\uddd3\ufe0f\" width=\"16\" height=\"16\" \/><\/span> Venerdi&#8217; 17 ottobre alle ore 18:00 per un inizio alle 18:30<br class=\"html-br\" \/><span class=\"html-span xexx8yu x4uap5 x18d9i69 xkhd6sd x1hl2dhg x16tdsg8 x1vvkbs x3nfvp2 x1j61x8r x1fcty0u xdj266r xat24cr xgzva0m xhhsvwb xxymvpz xlup9mm x1kky2od\"><img loading=\"lazy\" decoding=\"async\" class=\"xz74otr\" src=\"https:\/\/static.xx.fbcdn.net\/images\/emoji.php\/v9\/t2d\/1\/16\/1f4cd.png\" alt=\"\ud83d\udccd\" width=\"16\" height=\"16\" \/><\/span> Societa&#8217; Dante Alighieri Brisbane, 26, Gray Street, New Farm, Brisbane<\/p>\n<p><span class=\"html-span xexx8yu x4uap5 x18d9i69 xkhd6sd x1hl2dhg x16tdsg8 x1vvkbs x3nfvp2 x1j61x8r x1fcty0u xdj266r xat24cr xgzva0m xhhsvwb xxymvpz xlup9mm x1kky2od\"><img loading=\"lazy\" decoding=\"async\" class=\"xz74otr\" src=\"https:\/\/static.xx.fbcdn.net\/images\/emoji.php\/v9\/td8\/1\/16\/1f39f.png\" alt=\"\ud83c\udf9f\ufe0f\" width=\"16\" height=\"16\" \/><\/span> 30$, \u00e8 incluso un rinfresco<\/p>\n<p><span class=\"html-span xexx8yu x4uap5 x18d9i69 xkhd6sd x1hl2dhg x16tdsg8 x1vvkbs x3nfvp2 x1j61x8r x1fcty0u xdj266r xat24cr xgzva0m xhhsvwb xxymvpz xlup9mm x1kky2od\"><img loading=\"lazy\" decoding=\"async\" class=\"xz74otr\" src=\"https:\/\/static.xx.fbcdn.net\/images\/emoji.php\/v9\/t30\/1\/16\/1f514.png\" alt=\"\ud83d\udd14\" width=\"16\" height=\"16\" \/><\/span>\u00a0Prenotazione obbligatoria<br class=\"html-br\" \/>RSVP: info@dante-alighieri.com.au<\/p>\n","protected":false},"excerpt":{"rendered":"La\u00a0Settimana della Lingua italiana nel mondo (SLIM)\u00a0si tiene ogni anno\u00a0organizzata dalla rete diplomatico-consolare e degli Istituti Italiani di Cultura\u00a0in collaborazione con i principali partner della promozione linguistica sul territorio. Sin dalla sua istituzione nel 2001, questo appuntamento ha ricevuto annualmente l\u2019Alto Patronato da parte della Presidenza della Repubblica. La\u00a0XXV edizione (13-19 ottobre 2025) della SLIM [&hellip;]","protected":false},"author":5,"featured_media":6118,"comment_status":"closed","ping_status":"closed","sticky":false,"template":"","format":"standard","meta":{"footnotes":""},"tags":[19,23],"class_list":["post-6087","post","type-post","status-publish","format-standard","has-post-thumbnail","hentry","tag-diplomazia-culturale","tag-italiani-nel-mondo"],"_links":{"self":[{"href":"https:\/\/consbrisbane.esteri.it\/it\/wp-json\/wp\/v2\/posts\/6087","targetHints":{"allow":["GET"]}}],"collection":[{"href":"https:\/\/consbrisbane.esteri.it\/it\/wp-json\/wp\/v2\/posts"}],"about":[{"href":"https:\/\/consbrisbane.esteri.it\/it\/wp-json\/wp\/v2\/types\/post"}],"author":[{"embeddable":true,"href":"https:\/\/consbrisbane.esteri.it\/it\/wp-json\/wp\/v2\/users\/5"}],"replies":[{"embeddable":true,"href":"https:\/\/consbrisbane.esteri.it\/it\/wp-json\/wp\/v2\/comments?post=6087"}],"version-history":[{"count":6,"href":"https:\/\/consbrisbane.esteri.it\/it\/wp-json\/wp\/v2\/posts\/6087\/revisions"}],"predecessor-version":[{"id":6115,"href":"https:\/\/consbrisbane.esteri.it\/it\/wp-json\/wp\/v2\/posts\/6087\/revisions\/6115"}],"wp:featuredmedia":[{"embeddable":true,"href":"https:\/\/consbrisbane.esteri.it\/it\/wp-json\/wp\/v2\/media\/6118"}],"wp:attachment":[{"href":"https:\/\/consbrisbane.esteri.it\/it\/wp-json\/wp\/v2\/media?parent=6087"}],"wp:term":[{"taxonomy":"post_tag","embeddable":true,"href":"https:\/\/consbrisbane.esteri.it\/it\/wp-json\/wp\/v2\/tags?post=6087"}],"curies":[{"name":"wp","href":"https:\/\/api.w.org\/{rel}","templated":true}]}}